{"id":4255,"date":"2026-04-23T11:39:55","date_gmt":"2026-04-23T09:39:55","guid":{"rendered":"https:\/\/charsznica.pl\/?p=4255"},"modified":"2026-04-23T11:40:15","modified_gmt":"2026-04-23T09:40:15","slug":"lokalna-grupa-dzialania-polnocna-malopolska-ogloszenie-o-naborach-3","status":"publish","type":"post","link":"https:\/\/charsznica.pl\/?p=4255","title":{"rendered":"Lokalna Grupa Dzia\u0142ania \u201eP\u00f3\u0142nocna Ma\u0142opolska\u201d &#8211; Og\u0142oszenie o naborach"},"content":{"rendered":"<p><a href=\"https:\/\/charsznica.pl\/wp-content\/uploads\/2026\/04\/Pasek-logotypow-PS-WPR-2023-2027-poziom-kolor-1-scaled.png\"><img loading=\"lazy\" decoding=\"async\" class=\"alignnone size-full wp-image-4256\" src=\"https:\/\/charsznica.pl\/wp-content\/uploads\/2026\/04\/Pasek-logotypow-PS-WPR-2023-2027-poziom-kolor-1-scaled.png\" alt=\"\" width=\"2560\" height=\"334\" srcset=\"https:\/\/charsznica.pl\/wp-content\/uploads\/2026\/04\/Pasek-logotypow-PS-WPR-2023-2027-poziom-kolor-1-scaled.png 2560w, https:\/\/charsznica.pl\/wp-content\/uploads\/2026\/04\/Pasek-logotypow-PS-WPR-2023-2027-poziom-kolor-1-1280x167.png 1280w, https:\/\/charsznica.pl\/wp-content\/uploads\/2026\/04\/Pasek-logotypow-PS-WPR-2023-2027-poziom-kolor-1-980x128.png 980w, https:\/\/charsznica.pl\/wp-content\/uploads\/2026\/04\/Pasek-logotypow-PS-WPR-2023-2027-poziom-kolor-1-480x63.png 480w\" sizes=\"(min-width: 0px) and (max-width: 480px) 480px, (min-width: 481px) and (max-width: 980px) 980px, (min-width: 981px) and (max-width: 1280px) 1280px, (min-width: 1281px) 2560px, 100vw\" \/><\/a>Lokalna Grupa Dzia\u0142ania \u201eP\u00f3\u0142nocna Ma\u0142opolska\u201d w uzgodnieniu z Zarz\u0105dem Wojew\u00f3dztwa Ma\u0142opolskiego informuje o og\u0142oszeniu naboru wniosk\u00f3w o udzielenie wsparcia w ramach Programu Fundusze Europejskie dla Ma\u0142opolski 2021\u20132027 (EFRR), Priorytet 7 \u201eFundusze europejskie dla wsp\u00f3lnot lokalnych\u201d, Dzia\u0142anie 7.6 RLKS \u2013 Wsparcie oddolnych inicjatyw na obszarach wiejskich.<br \/>\nNab\u00f3r dotyczy projekt\u00f3w z zakresu infrastruktury kultury (Typ A), realizowanych w ramach Lokalnej Strategii Rozwoju na lata 2023\u20132027.<br \/>\nZakres wsparcia obejmuje przedsi\u0119wzi\u0119cia przyczyniaj\u0105ce si\u0119 do rozwoju dzia\u0142alno\u015bci kulturalnej, w tym tworzenie, rozw\u00f3j oraz modernizacj\u0119 infrastruktury kultury, maj\u0105ce na celu zwi\u0119kszenie dost\u0119pno\u015bci i jako\u015bci oferty kulturalnej dla mieszka\u0144c\u00f3w, w szczeg\u00f3lno\u015bci os\u00f3b zagro\u017conych wykluczeniem spo\u0142ecznym.<br \/>\n<strong>Termin naboru wniosk\u00f3w:<\/strong><br \/>\n<strong>od 22.04.2026 r. do 29.05.2026 r. (do godz. 15:00)<\/strong>.<br \/>\nWnioski nale\u017cy sk\u0142ada\u0107 elektronicznie za po\u015brednictwem systemu IGA.<br \/>\nSzczeg\u00f3\u0142owe informacje uzyskaj\u0105 Pa\u0144stwo na stronie LGD P\u00f3\u0142nocna Ma\u0142opolska w zak\u0142adce <strong><a href=\"https:\/\/www.lgdpolnocnamalopolska.pl\/2\/4,nabory\/119,nabory-aktualne\/\">Nabory aktualne<\/a><\/strong>.<\/p>\n<p><strong>Pobierz:<a href=\"https:\/\/charsznica.pl\/wp-content\/uploads\/2026\/04\/Ogloszenie-o-naborze.pdf\"> Og\u0142oszenie o naborze<\/a><\/strong><\/p>\n","protected":false},"excerpt":{"rendered":"<p>Lokalna Grupa Dzia\u0142ania \u201eP\u00f3\u0142nocna Ma\u0142opolska\u201d w uzgodnieniu z Zarz\u0105dem Wojew\u00f3dztwa Ma\u0142opolskiego informuje o og\u0142oszeniu naboru wniosk\u00f3w o udzielenie wsparcia w ramach Programu Fundusze Europejskie dla Ma\u0142opolski 2021\u20132027 (EFRR), Priorytet 7 \u201eFundusze europejskie dla wsp\u00f3lnot lokalnych\u201d, Dzia\u0142anie 7.6 RLKS \u2013 Wsparcie oddolnych inicjatyw na obszarach wiejskich. Nab\u00f3r dotyczy projekt\u00f3w z zakresu infrastruktury kultury (Typ A), realizowanych [&hellip;]<\/p>\n","protected":false},"author":4,"featured_media":0,"comment_status":"open","ping_status":"open","sticky":false,"template":"","format":"standard","meta":{"_et_pb_use_builder":"","_et_pb_old_content":"","_et_gb_content_width":"","footnotes":""},"categories":[1,99],"tags":[],"class_list":["post-4255","post","type-post","status-publish","format-standard","hentry","category-aktualnosci","category-lokalna-grupa-dzialania-polnocna-malopolska"],"_links":{"self":[{"href":"https:\/\/charsznica.pl\/index.php?rest_route=\/wp\/v2\/posts\/4255","targetHints":{"allow":["GET"]}}],"collection":[{"href":"https:\/\/charsznica.pl\/index.php?rest_route=\/wp\/v2\/posts"}],"about":[{"href":"https:\/\/charsznica.pl\/index.php?rest_route=\/wp\/v2\/types\/post"}],"author":[{"embeddable":true,"href":"https:\/\/charsznica.pl\/index.php?rest_route=\/wp\/v2\/users\/4"}],"replies":[{"embeddable":true,"href":"https:\/\/charsznica.pl\/index.php?rest_route=%2Fwp%2Fv2%2Fcomments&post=4255"}],"version-history":[{"count":5,"href":"https:\/\/charsznica.pl\/index.php?rest_route=\/wp\/v2\/posts\/4255\/revisions"}],"predecessor-version":[{"id":4262,"href":"https:\/\/charsznica.pl\/index.php?rest_route=\/wp\/v2\/posts\/4255\/revisions\/4262"}],"wp:attachment":[{"href":"https:\/\/charsznica.pl\/index.php?rest_route=%2Fwp%2Fv2%2Fmedia&parent=4255"}],"wp:term":[{"taxonomy":"category","embeddable":true,"href":"https:\/\/charsznica.pl\/index.php?rest_route=%2Fwp%2Fv2%2Fcategories&post=4255"},{"taxonomy":"post_tag","embeddable":true,"href":"https:\/\/charsznica.pl\/index.php?rest_route=%2Fwp%2Fv2%2Ftags&post=4255"}],"curies":[{"name":"wp","href":"https:\/\/api.w.org\/{rel}","templated":true}]}}