{"id":3757,"date":"2025-10-14T15:33:17","date_gmt":"2025-10-14T13:33:17","guid":{"rendered":"https:\/\/charsznica.pl\/?p=3757"},"modified":"2025-10-14T15:34:58","modified_gmt":"2025-10-14T13:34:58","slug":"ogloszenie-o-spotkaniu-informacyjnym-dotyczacym-programu-czyste-powietrze-2","status":"publish","type":"post","link":"https:\/\/charsznica.pl\/?p=3757","title":{"rendered":"Og\u0142oszenie o spotkaniu informacyjnym dotycz\u0105cym Programu &#8222;Czyste Powietrze&#8221;"},"content":{"rendered":"<p>Urz\u0105d Gminy Charsznica zaprasza mieszka\u0144c\u00f3w gminy na spotkanie informacyjne dotycz\u0105ce Programu &#8222;Czyste Powietrze&#8221;, kt\u00f3re odb\u0119dzie si\u0119 w dniu 19.10.2025 r. (niedziela) o godzinie 18:00 w budynku wielofunkcyjnym Urz\u0119du Gminy Charsznica przy ul. Kolejowej 22.<\/p>\n<article class=\"text-token-text-primary w-full\" dir=\"auto\" data-testid=\"conversation-turn-8\" data-scroll-anchor=\"true\">\n<div class=\"text-base my-auto mx-auto py-5 [--thread-content-margin:--spacing(4)] @[37rem]:[--thread-content-margin:--spacing(6)] @[72rem]:[--thread-content-margin:--spacing(16)] px-(--thread-content-margin)\">\n<div class=\"[--thread-content-max-width:32rem] @[34rem]:[--thread-content-max-width:40rem] @[64rem]:[--thread-content-max-width:48rem] mx-auto flex max-w-(--thread-content-max-width) flex-1 text-base gap-4 md:gap-5 lg:gap-6 group\/turn-messages focus-visible:outline-hidden\" tabindex=\"-1\">\n<div class=\"group\/conversation-turn relative flex w-full min-w-0 flex-col agent-turn\">\n<div class=\"relative flex-col gap-1 md:gap-3\">\n<div class=\"flex max-w-full flex-col grow\">\n<div class=\"min-h-8 text-message relative flex w-full flex-col items-end gap-2 text-start break-words whitespace-normal [.text-message+&amp;]:mt-5\" dir=\"auto\" data-message-author-role=\"assistant\" data-message-id=\"1356b74b-15e9-4bfe-ba5c-4a248fdd55d7\" data-message-model-slug=\"gpt-4o\">\n<div class=\"flex w-full flex-col gap-1 empty:hidden first:pt-[3px]\">\n<div class=\"markdown prose dark:prose-invert w-full break-words light\">\n<p data-start=\"58\" data-end=\"289\">Celem programu jest poprawa jako\u015bci powietrza oraz zmniejszenie emisji gaz\u00f3w cieplarnianych poprzez wymian\u0119 \u017ar\u00f3de\u0142 ciep\u0142a i popraw\u0119 efektywno\u015bci energetycznej budynk\u00f3w mieszkalnych jednorodzinnych.<\/p>\n<p data-start=\"58\" data-end=\"289\">Dofinansowanie mo\u017ce obejmowa\u0107:<\/p>\n<ul data-start=\"290\" data-end=\"654\">\n<li data-start=\"290\" data-end=\"324\">\n<p data-start=\"292\" data-end=\"324\">wymian\u0119 starego \u017ar\u00f3d\u0142a ciep\u0142a,<\/p>\n<\/li>\n<li data-start=\"325\" data-end=\"403\">\n<p data-start=\"327\" data-end=\"403\">zakup\/monta\u017c instalacji centralnego ogrzewania i ciep\u0142ej wody u\u017cytkowej,<\/p>\n<\/li>\n<li data-start=\"404\" data-end=\"469\">\n<p data-start=\"406\" data-end=\"469\">ocieplenie budynku,<\/p>\n<\/li>\n<li data-start=\"470\" data-end=\"512\">\n<p data-start=\"472\" data-end=\"512\">wymian\u0119 stolarki okiennej i drzwiowej,<\/p>\n<\/li>\n<li data-start=\"513\" data-end=\"575\">\n<p data-start=\"515\" data-end=\"575\">zakup\/monta\u017c wentylacji mechanicznej z odzyskiem ciep\u0142a,<\/p>\n<\/li>\n<li data-start=\"576\" data-end=\"654\">\n<p data-start=\"578\" data-end=\"654\">niezb\u0119dn\u0105 dokumentacj\u0119 (audyt energetyczny, \u015bwiadectwo charakterystyki energetycznej).<\/p>\n<\/li>\n<\/ul>\n<p data-start=\"656\" data-end=\"1037\">Program skierowany jest do os\u00f3b fizycznych b\u0119d\u0105cych w okresie minimum 3 lat do dnia z\u0142o\u017cenia wniosku o dofinansowanie w\u0142a\u015bcicielem\/wsp\u00f3\u0142w\u0142a\u015bcicielem budynku mieszkalnego jednorodzinnego lub wydzielonego w budynku jednorodzinnym lokalu mieszkalnego z wyodr\u0119bnion\u0105 ksi\u0119g\u0105 wieczyst\u0105. W przypadku nabycia tego budynku lub lokalu w drodze spadku minimalny okres nie ma zastosowania.<\/p>\n<p data-start=\"1039\" data-end=\"1322\" data-is-last-node=\"\" data-is-only-node=\"\">Wszystkich zainteresowanych zapraszamy do uczestnictwa w spotkaniu, podczas kt\u00f3rego przedstawione zostan\u0105 za\u0142o\u017cenia Programu, rodzaje przedsi\u0119wzi\u0119\u0107 oraz warunki dofinansowania, jak r\u00f3wnie\u017c spos\u00f3b sk\u0142adania wniosk\u00f3w o dofinansowanie oraz zasady realizacji i rozliczania przedsi\u0119wzi\u0119\u0107.<\/p>\n<p data-start=\"1039\" data-end=\"1322\" data-is-last-node=\"\" data-is-only-node=\"\">Przypominamy r\u00f3wnie\u017c, \u017ce w Urz\u0119dzie Gminy Charsznica dzia\u0142a Punkt Konsultacyjno-Informacyjny Programu \u201eCzyste Powietrze\u201d, gdzie mieszka\u0144cy mog\u0105 u mog\u0105 uzyska\u0107 informacje na temat Programu &#8222;Czyste Powietrze&#8221;, bezp\u0142atn\u0105 pomoc w wype\u0142nieniu i z\u0142o\u017ceniu wniosku o dofinansowanie, a tak\u017ce rozliczeniu inwestycji.<\/p>\n<p data-start=\"1039\" data-end=\"1322\" data-is-last-node=\"\" data-is-only-node=\"\"><a href=\"https:\/\/charsznica.pl\/wp-content\/uploads\/2025\/10\/Spotkanie-informacyjne-Czyste-Powietrze-19.10.2025r._1.jpg\"><img loading=\"lazy\" decoding=\"async\" class=\"aligncenter size-full wp-image-3758\" src=\"https:\/\/charsznica.pl\/wp-content\/uploads\/2025\/10\/Spotkanie-informacyjne-Czyste-Powietrze-19.10.2025r._1.jpg\" alt=\"\" width=\"1240\" height=\"1754\" srcset=\"https:\/\/charsznica.pl\/wp-content\/uploads\/2025\/10\/Spotkanie-informacyjne-Czyste-Powietrze-19.10.2025r._1.jpg 1240w, https:\/\/charsznica.pl\/wp-content\/uploads\/2025\/10\/Spotkanie-informacyjne-Czyste-Powietrze-19.10.2025r._1-980x1386.jpg 980w, https:\/\/charsznica.pl\/wp-content\/uploads\/2025\/10\/Spotkanie-informacyjne-Czyste-Powietrze-19.10.2025r._1-480x679.jpg 480w\" sizes=\"(min-width: 0px) and (max-width: 480px) 480px, (min-width: 481px) and (max-width: 980px) 980px, (min-width: 981px) 1240px, 100vw\" \/><\/a><\/p>\n<\/div>\n<\/div>\n<\/div>\n<\/div>\n<\/div>\n<\/div>\n<\/div>\n<\/div>\n<\/article>\n","protected":false},"excerpt":{"rendered":"<p>Urz\u0105d Gminy Charsznica zaprasza mieszka\u0144c\u00f3w gminy na spotkanie informacyjne dotycz\u0105ce Programu &#8222;Czyste Powietrze&#8221;, kt\u00f3re odb\u0119dzie si\u0119 w dniu 19.10.2025 r. (niedziela) o godzinie 18:00 w budynku wielofunkcyjnym Urz\u0119du Gminy Charsznica przy ul. Kolejowej 22. Celem programu jest poprawa jako\u015bci powietrza oraz zmniejszenie emisji gaz\u00f3w cieplarnianych poprzez wymian\u0119 \u017ar\u00f3de\u0142 ciep\u0142a i popraw\u0119 efektywno\u015bci energetycznej budynk\u00f3w mieszkalnych [&hellip;]<\/p>\n","protected":false},"author":1,"featured_media":0,"comment_status":"open","ping_status":"open","sticky":false,"template":"","format":"standard","meta":{"_et_pb_use_builder":"","_et_pb_old_content":"","_et_gb_content_width":"","footnotes":""},"categories":[83,45,98],"tags":[],"class_list":["post-3757","post","type-post","status-publish","format-standard","hentry","category-czyste-powietrze","category-mieszkaniec","category-spotkania-informacyjne-dla-mieszkancow"],"_links":{"self":[{"href":"https:\/\/charsznica.pl\/index.php?rest_route=\/wp\/v2\/posts\/3757","targetHints":{"allow":["GET"]}}],"collection":[{"href":"https:\/\/charsznica.pl\/index.php?rest_route=\/wp\/v2\/posts"}],"about":[{"href":"https:\/\/charsznica.pl\/index.php?rest_route=\/wp\/v2\/types\/post"}],"author":[{"embeddable":true,"href":"https:\/\/charsznica.pl\/index.php?rest_route=\/wp\/v2\/users\/1"}],"replies":[{"embeddable":true,"href":"https:\/\/charsznica.pl\/index.php?rest_route=%2Fwp%2Fv2%2Fcomments&post=3757"}],"version-history":[{"count":1,"href":"https:\/\/charsznica.pl\/index.php?rest_route=\/wp\/v2\/posts\/3757\/revisions"}],"predecessor-version":[{"id":3759,"href":"https:\/\/charsznica.pl\/index.php?rest_route=\/wp\/v2\/posts\/3757\/revisions\/3759"}],"wp:attachment":[{"href":"https:\/\/charsznica.pl\/index.php?rest_route=%2Fwp%2Fv2%2Fmedia&parent=3757"}],"wp:term":[{"taxonomy":"category","embeddable":true,"href":"https:\/\/charsznica.pl\/index.php?rest_route=%2Fwp%2Fv2%2Fcategories&post=3757"},{"taxonomy":"post_tag","embeddable":true,"href":"https:\/\/charsznica.pl\/index.php?rest_route=%2Fwp%2Fv2%2Ftags&post=3757"}],"curies":[{"name":"wp","href":"https:\/\/api.w.org\/{rel}","templated":true}]}}