{"id":2697,"date":"2025-02-24T14:36:53","date_gmt":"2025-02-24T13:36:53","guid":{"rendered":"http:\/\/charsznica.adler.org.pl\/?p=2697"},"modified":"2025-02-24T14:36:53","modified_gmt":"2025-02-24T13:36:53","slug":"ostrzezenie-1-stopnia-o-zanieczyszczeniu-powietrza-08-02-2023","status":"publish","type":"post","link":"https:\/\/charsznica.pl\/?p=2697","title":{"rendered":"OSTRZE\u017bENIE 1 STOPNIA O ZANIECZYSZCZENIU POWIETRZA 08.02.2023"},"content":{"rendered":"<p>OBOWI\u0104ZUJE W DNIU 08.02.2023 OD GODZ. 06.00 DO 24.00<br \/>\nOstrze\u017cenie o ryzyku przekroczenia poziomu dopuszczalnego py\u0142u PM10 ze<br \/>\nwzgl\u0119du na zwi\u0119kszon\u0105 emisj\u0119 zanieczyszcze\u0144 oraz niekorzystne<br \/>\nwarunki meteorologiczne.<\/p>\n<p><strong>OBOWI\u0104ZUJ\u0104CE OGRANICZENIA<\/strong><br \/>\nObowi\u0105zuje zakaz eksploatacji komink\u00f3w i ogrzewaczy pomieszcze\u0144 na<br \/>\nw\u0119giel lub drewno (kozy, piece kaflowe), je\u017celi nie stanowi\u0105 jedynego<br \/>\n\u017ar\u00f3d\u0142a ciep\u0142a.<br \/>\n<strong>ZALECENIA ZDROWOTNE<\/strong><br \/>\n* Rozwa\u017c ograniczenie intensywnego wysi\u0142ku fizycznego na zewn\u0105trz,<br \/>\nje\u015bli odczuwasz pieczenie w oczach, kaszel lub b\u00f3l gard\u0142a.<br \/>\n* Ogranicz wietrzenie pomieszcze\u0144.<br \/>\n* Unikaj dzia\u0142a\u0144 zwi\u0119kszaj\u0105cych zanieczyszczenie powietrza, np.<br \/>\nkorzystania z samochodu, u\u017cywania dmuchaw do li\u015bci, rozpalania ognisk.<br \/>\n* \u015aled\u017a na bie\u017c\u0105co informacje o zanieczyszczeniu powietrza [3].<br \/>\n<strong>DODATKOWE ZALECENIA DLA OS\u00d3B O WI\u0118KSZEJ WRA\u017bLIWO\u015aCI NA<br \/>\nZANIECZYSZCZENIE POWIETRZA<\/strong><br \/>\n(dzieci i m\u0142odzie\u017c, osoby starsze i w podesz\u0142ym wieku, osoby z<br \/>\nzaburzeniami uk\u0142adu oddechowego lub krwiono\u015bnego, osoby zawodowo<br \/>\nnara\u017cone na zapylenie oraz osoby pal\u0105ce papierosy i bierni palacze)<br \/>\n* Ogranicz intensywny wysi\u0142ek fizyczny na zewn\u0105trz.<br \/>\n* Nie zapominaj o normalnie przyjmowanych lekach.<br \/>\n* Osoby z astm\u0105 mog\u0105 silniej odczuwa\u0107 objawy (duszno\u015b\u0107, kaszel,<br \/>\n\u015bwisty) i potrzebowa\u0107 swoich lek\u00f3w cz\u0119\u015bciej ni\u017c normalnie.<br \/>\n* W przypadku nasilenia objaw\u00f3w chorobowych zalecana jest konsultacja<br \/>\nz lekarzem.<\/p>\n","protected":false},"excerpt":{"rendered":"<p>OBOWI\u0104ZUJE W DNIU 08.02.2023 OD GODZ. 06.00 DO 24.00 Ostrze\u017cenie o ryzyku przekroczenia poziomu dopuszczalnego py\u0142u PM10 ze wzgl\u0119du na zwi\u0119kszon\u0105 emisj\u0119 zanieczyszcze\u0144 oraz niekorzystne warunki meteorologiczne. OBOWI\u0104ZUJ\u0104CE OGRANICZENIA Obowi\u0105zuje zakaz eksploatacji komink\u00f3w i ogrzewaczy pomieszcze\u0144 na w\u0119giel lub drewno (kozy, piece kaflowe), je\u017celi nie stanowi\u0105 jedynego \u017ar\u00f3d\u0142a ciep\u0142a. ZALECENIA ZDROWOTNE * Rozwa\u017c ograniczenie intensywnego [&hellip;]<\/p>\n","protected":false},"author":1,"featured_media":0,"comment_status":"open","ping_status":"open","sticky":false,"template":"","format":"standard","meta":{"_et_pb_use_builder":"","_et_pb_old_content":"","_et_gb_content_width":"","footnotes":""},"categories":[1,51],"tags":[],"class_list":["post-2697","post","type-post","status-publish","format-standard","hentry","category-aktualnosci","category-alerty-i-ostzrezenia"],"_links":{"self":[{"href":"https:\/\/charsznica.pl\/index.php?rest_route=\/wp\/v2\/posts\/2697","targetHints":{"allow":["GET"]}}],"collection":[{"href":"https:\/\/charsznica.pl\/index.php?rest_route=\/wp\/v2\/posts"}],"about":[{"href":"https:\/\/charsznica.pl\/index.php?rest_route=\/wp\/v2\/types\/post"}],"author":[{"embeddable":true,"href":"https:\/\/charsznica.pl\/index.php?rest_route=\/wp\/v2\/users\/1"}],"replies":[{"embeddable":true,"href":"https:\/\/charsznica.pl\/index.php?rest_route=%2Fwp%2Fv2%2Fcomments&post=2697"}],"version-history":[{"count":1,"href":"https:\/\/charsznica.pl\/index.php?rest_route=\/wp\/v2\/posts\/2697\/revisions"}],"predecessor-version":[{"id":2698,"href":"https:\/\/charsznica.pl\/index.php?rest_route=\/wp\/v2\/posts\/2697\/revisions\/2698"}],"wp:attachment":[{"href":"https:\/\/charsznica.pl\/index.php?rest_route=%2Fwp%2Fv2%2Fmedia&parent=2697"}],"wp:term":[{"taxonomy":"category","embeddable":true,"href":"https:\/\/charsznica.pl\/index.php?rest_route=%2Fwp%2Fv2%2Fcategories&post=2697"},{"taxonomy":"post_tag","embeddable":true,"href":"https:\/\/charsznica.pl\/index.php?rest_route=%2Fwp%2Fv2%2Ftags&post=2697"}],"curies":[{"name":"wp","href":"https:\/\/api.w.org\/{rel}","templated":true}]}}